{"id":129,"date":"2023-05-25T09:23:09","date_gmt":"2023-05-25T07:23:09","guid":{"rendered":"https:\/\/ranspach-le-bas.fr\/?p=129"},"modified":"2023-06-01T16:35:37","modified_gmt":"2023-06-01T14:35:37","slug":"remise-des-diplomes-de-la-section-jsp-de-la-porte-du-sundgau","status":"publish","type":"post","link":"https:\/\/ranspach-le-bas.fr\/index.php\/2023\/05\/25\/remise-des-diplomes-de-la-section-jsp-de-la-porte-du-sundgau\/","title":{"rendered":"Remise des dipl\u00f4mes de la Section JSP de la Porte du Sundgau"},"content":{"rendered":"\n<p>&nbsp;Cette ann\u00e9e la remise des dipl\u00f4mes de la Section JSP de la Porte du Sundgau aura lieu le VENDREDI 23.JUIN 2023 \u00c0 19.00 heures \u00e0 la caserne des Sapeurs Pompiers&nbsp;&nbsp;&nbsp;&nbsp;&nbsp;&nbsp;&nbsp;&nbsp;&nbsp;&nbsp;&nbsp;&nbsp;&nbsp;&nbsp;&nbsp;&nbsp;&nbsp;&nbsp;&nbsp;&nbsp;&nbsp;&nbsp;&nbsp;&nbsp; &nbsp;&nbsp;&nbsp;&nbsp;&nbsp;&nbsp;&nbsp;&nbsp;&nbsp;&nbsp;&nbsp;&nbsp;&nbsp;&nbsp;&nbsp;&nbsp;&nbsp;&nbsp;&nbsp;&nbsp;&nbsp;<\/p>\n\n\n\n<p>du Centre de Premi\u00e8re Intervention Intercommunal de Ranspach-le-Bas &amp; Michelbach-le-Bas. Les 40 Jeunes Sapeurs Pompiers de la Section seront \u00e0 cette occasion<\/p>\n\n\n\n<p>mis \u00e0 l\u2019honneur et auront \u00e9galement l\u2019occasion de mettre en pratique leur connaissance \u00e0 travers des man\u0153uvres d\u2019incendie et de secours.<\/p>\n\n\n\n<p>Les parents qui souhaitent accompagner leurs enfants qui sont int\u00e9ress\u00e9s \u00e0 assister \u00e0 cette remise de dipl\u00f4mes et aux man\u0153uvres sont les bienvenus.&nbsp;<\/p>\n\n\n\n<p>Pour toute demande de renseignement ou d\u2019inscription \u00e0 la Section Jeunes Sapeurs Pompiers (= 12 \u00e0 16 ans) il est \u00e9galement possible de prendre contact :<\/p>\n\n\n\n<p>&#8211;&nbsp;&nbsp;&nbsp;&nbsp;&nbsp;&nbsp;&nbsp;&nbsp;&nbsp;&nbsp;&nbsp;&nbsp;&nbsp; Mairie de Michelbach-le-Bas au 03.89.68.40.06<\/p>\n\n\n\n<p>&#8211;&nbsp;&nbsp;&nbsp;&nbsp;&nbsp;&nbsp;&nbsp;&nbsp;&nbsp;&nbsp;&nbsp;&nbsp;&nbsp; Mairie de Ranspach-le-Bas au 03.89.68.40.35<\/p>\n\n\n\n<figure class=\"wp-block-image size-full\"><img data-recalc-dims=\"1\" decoding=\"async\" width=\"166\" height=\"172\" src=\"https:\/\/i0.wp.com\/ranspach-le-bas.fr\/wp-content\/uploads\/2023\/05\/Image-7.png?resize=166%2C172&#038;ssl=1\" alt=\"\" class=\"wp-image-144\"\/><\/figure>\n","protected":false},"excerpt":{"rendered":"<p>&nbsp;Cette ann\u00e9e la remise des dipl\u00f4mes de la Section JSP de la Porte du Sundgau aura lieu le VENDREDI 23.JUIN 2023 \u00c0 19.00 heures \u00e0 la caserne des Sapeurs Pompiers&nbsp;&nbsp;&nbsp;&nbsp;&nbsp;&nbsp;&nbsp;&nbsp;&nbsp;&nbsp;&nbsp;&nbsp;&nbsp;&nbsp;&nbsp;&nbsp;&nbsp;&nbsp;&nbsp;&nbsp;&nbsp;&nbsp;&nbsp;&nbsp;&hellip;&nbsp;<a href=\"https:\/\/ranspach-le-bas.fr\/index.php\/2023\/05\/25\/remise-des-diplomes-de-la-section-jsp-de-la-porte-du-sundgau\/\" rel=\"bookmark\">Lire la suite &raquo;<span class=\"screen-reader-text\">Remise des dipl\u00f4mes de la Section JSP de la Porte du Sundgau<\/span><\/a><\/p>\n","protected":false},"author":1,"featured_media":211,"comment_status":"closed","ping_status":"open","sticky":false,"template":"elementor_theme","format":"standard","meta":{"_acf_changed":false,"neve_meta_sidebar":"","neve_meta_container":"","neve_meta_enable_content_width":"","neve_meta_content_width":0,"neve_meta_title_alignment":"","neve_meta_author_avatar":"","neve_post_elements_order":"","neve_meta_disable_header":"","neve_meta_disable_footer":"","neve_meta_disable_title":"","_jetpack_memberships_contains_paid_content":false,"footnotes":""},"categories":[4],"tags":[],"class_list":["post-129","post","type-post","status-publish","format-standard","has-post-thumbnail","hentry","category-blog-dactualite"],"acf":[],"jetpack_featured_media_url":"https:\/\/i0.wp.com\/ranspach-le-bas.fr\/wp-content\/uploads\/2023\/06\/33567410-7d0a-4998-8141-3392f90eee8e.png?fit=920%2C1024&ssl=1","jetpack_sharing_enabled":true,"_links":{"self":[{"href":"https:\/\/ranspach-le-bas.fr\/index.php\/wp-json\/wp\/v2\/posts\/129","targetHints":{"allow":["GET"]}}],"collection":[{"href":"https:\/\/ranspach-le-bas.fr\/index.php\/wp-json\/wp\/v2\/posts"}],"about":[{"href":"https:\/\/ranspach-le-bas.fr\/index.php\/wp-json\/wp\/v2\/types\/post"}],"author":[{"embeddable":true,"href":"https:\/\/ranspach-le-bas.fr\/index.php\/wp-json\/wp\/v2\/users\/1"}],"replies":[{"embeddable":true,"href":"https:\/\/ranspach-le-bas.fr\/index.php\/wp-json\/wp\/v2\/comments?post=129"}],"version-history":[{"count":4,"href":"https:\/\/ranspach-le-bas.fr\/index.php\/wp-json\/wp\/v2\/posts\/129\/revisions"}],"predecessor-version":[{"id":295,"href":"https:\/\/ranspach-le-bas.fr\/index.php\/wp-json\/wp\/v2\/posts\/129\/revisions\/295"}],"wp:featuredmedia":[{"embeddable":true,"href":"https:\/\/ranspach-le-bas.fr\/index.php\/wp-json\/wp\/v2\/media\/211"}],"wp:attachment":[{"href":"https:\/\/ranspach-le-bas.fr\/index.php\/wp-json\/wp\/v2\/media?parent=129"}],"wp:term":[{"taxonomy":"category","embeddable":true,"href":"https:\/\/ranspach-le-bas.fr\/index.php\/wp-json\/wp\/v2\/categories?post=129"},{"taxonomy":"post_tag","embeddable":true,"href":"https:\/\/ranspach-le-bas.fr\/index.php\/wp-json\/wp\/v2\/tags?post=129"}],"curies":[{"name":"wp","href":"https:\/\/api.w.org\/{rel}","templated":true}]}}