{"id":299,"date":"2023-06-01T15:50:06","date_gmt":"2023-06-01T13:50:06","guid":{"rendered":"https:\/\/ranspach-le-bas.fr\/?p=299"},"modified":"2023-06-01T15:50:40","modified_gmt":"2023-06-01T13:50:40","slug":"la-borne-e-service-activee","status":"publish","type":"post","link":"https:\/\/ranspach-le-bas.fr\/index.php\/2023\/06\/01\/la-borne-e-service-activee\/","title":{"rendered":"La borne e-service activ\u00e9e !"},"content":{"rendered":"\n<p>Les propri\u00e9taires d&rsquo;un v\u00e9hicule hybride ou \u00e9lectrique pourront \u00e0 pr\u00e9sent profiter du temps consacr\u00e9 par exemple \u00e0 faire leurs achats au March\u00e9 Hebdo ou leur d\u00e9jeuner au Restaurant Sud-alsace, pour recharger leur voiture.<\/p>\n\n\n\n<p>La borne e-services s&rsquo;enrichira bient\u00f4t d&rsquo;un syst\u00e8me de box de livraison, bien pratique \u00e9galement.<\/p>\n\n\n\n<p>Nous esp\u00e9rons que ce nouveau service \u00e0 la population sera utile dans les temps \u00e0 venir.<\/p>\n\n\n\n<figure class=\"wp-block-image size-full\"><img data-recalc-dims=\"1\" fetchpriority=\"high\" decoding=\"async\" width=\"1024\" height=\"768\" src=\"https:\/\/i0.wp.com\/ranspach-le-bas.fr\/wp-content\/uploads\/2023\/06\/341760872_714398673765398_4746664610896334020_n.jpg?resize=1024%2C768&#038;ssl=1\" alt=\"\" class=\"wp-image-300\" srcset=\"https:\/\/i0.wp.com\/ranspach-le-bas.fr\/wp-content\/uploads\/2023\/06\/341760872_714398673765398_4746664610896334020_n.jpg?w=1024&amp;ssl=1 1024w, https:\/\/i0.wp.com\/ranspach-le-bas.fr\/wp-content\/uploads\/2023\/06\/341760872_714398673765398_4746664610896334020_n.jpg?resize=300%2C225&amp;ssl=1 300w, https:\/\/i0.wp.com\/ranspach-le-bas.fr\/wp-content\/uploads\/2023\/06\/341760872_714398673765398_4746664610896334020_n.jpg?resize=768%2C576&amp;ssl=1 768w\" sizes=\"(max-width: 1024px) 100vw, 1024px\" \/><\/figure>\n","protected":false},"excerpt":{"rendered":"<p>Les propri\u00e9taires d&rsquo;un v\u00e9hicule hybride ou \u00e9lectrique pourront \u00e0 pr\u00e9sent profiter du temps consacr\u00e9 par exemple \u00e0 faire leurs achats au March\u00e9 Hebdo ou leur d\u00e9jeuner au Restaurant Sud-alsace, pour&hellip;&nbsp;<a href=\"https:\/\/ranspach-le-bas.fr\/index.php\/2023\/06\/01\/la-borne-e-service-activee\/\" rel=\"bookmark\">Lire la suite &raquo;<span class=\"screen-reader-text\">La borne e-service activ\u00e9e !<\/span><\/a><\/p>\n","protected":false},"author":1,"featured_media":300,"comment_status":"closed","ping_status":"open","sticky":false,"template":"","format":"standard","meta":{"_acf_changed":false,"neve_meta_sidebar":"","neve_meta_container":"","neve_meta_enable_content_width":"","neve_meta_content_width":0,"neve_meta_title_alignment":"","neve_meta_author_avatar":"","neve_post_elements_order":"","neve_meta_disable_header":"","neve_meta_disable_footer":"","neve_meta_disable_title":"","_jetpack_memberships_contains_paid_content":false,"footnotes":""},"categories":[4],"tags":[],"class_list":["post-299","post","type-post","status-publish","format-standard","has-post-thumbnail","hentry","category-blog-dactualite"],"acf":[],"jetpack_featured_media_url":"https:\/\/i0.wp.com\/ranspach-le-bas.fr\/wp-content\/uploads\/2023\/06\/341760872_714398673765398_4746664610896334020_n.jpg?fit=1024%2C768&ssl=1","jetpack_sharing_enabled":true,"_links":{"self":[{"href":"https:\/\/ranspach-le-bas.fr\/index.php\/wp-json\/wp\/v2\/posts\/299","targetHints":{"allow":["GET"]}}],"collection":[{"href":"https:\/\/ranspach-le-bas.fr\/index.php\/wp-json\/wp\/v2\/posts"}],"about":[{"href":"https:\/\/ranspach-le-bas.fr\/index.php\/wp-json\/wp\/v2\/types\/post"}],"author":[{"embeddable":true,"href":"https:\/\/ranspach-le-bas.fr\/index.php\/wp-json\/wp\/v2\/users\/1"}],"replies":[{"embeddable":true,"href":"https:\/\/ranspach-le-bas.fr\/index.php\/wp-json\/wp\/v2\/comments?post=299"}],"version-history":[{"count":1,"href":"https:\/\/ranspach-le-bas.fr\/index.php\/wp-json\/wp\/v2\/posts\/299\/revisions"}],"predecessor-version":[{"id":301,"href":"https:\/\/ranspach-le-bas.fr\/index.php\/wp-json\/wp\/v2\/posts\/299\/revisions\/301"}],"wp:featuredmedia":[{"embeddable":true,"href":"https:\/\/ranspach-le-bas.fr\/index.php\/wp-json\/wp\/v2\/media\/300"}],"wp:attachment":[{"href":"https:\/\/ranspach-le-bas.fr\/index.php\/wp-json\/wp\/v2\/media?parent=299"}],"wp:term":[{"taxonomy":"category","embeddable":true,"href":"https:\/\/ranspach-le-bas.fr\/index.php\/wp-json\/wp\/v2\/categories?post=299"},{"taxonomy":"post_tag","embeddable":true,"href":"https:\/\/ranspach-le-bas.fr\/index.php\/wp-json\/wp\/v2\/tags?post=299"}],"curies":[{"name":"wp","href":"https:\/\/api.w.org\/{rel}","templated":true}]}}