{"id":422,"date":"2023-06-29T15:41:16","date_gmt":"2023-06-29T13:41:16","guid":{"rendered":"https:\/\/ranspach-le-bas.fr\/?p=422"},"modified":"2023-06-29T15:43:09","modified_gmt":"2023-06-29T13:43:09","slug":"grempelturnier-de-la-musique-union","status":"publish","type":"post","link":"https:\/\/ranspach-le-bas.fr\/index.php\/2023\/06\/29\/grempelturnier-de-la-musique-union\/","title":{"rendered":"GREMPELTURNIER DE LA MUSIQUE UNION"},"content":{"rendered":"\n<p>Toutes les \u00e9quipes sont inscrites, \u00e7a promet une journ\u00e9e pleine de rires, de faire play, de festivit\u00e9s de musique.<\/p>\n\n\n\n<p>Rendez vous dimanche au stade de foot de Ranspach Le Bas. Une petite bi\u00e8re <img decoding=\"async\" height=\"16\" width=\"16\" alt=\"\ud83c\udf7a\" src=\"https:\/\/static.xx.fbcdn.net\/images\/emoji.php\/v9\/t15\/1\/16\/1f37a.png\">, un p&rsquo;tit verre de vin <img decoding=\"async\" height=\"16\" width=\"16\" alt=\"\ud83c\udf77\" src=\"https:\/\/static.xx.fbcdn.net\/images\/emoji.php\/v9\/teb\/1\/16\/1f377.png\">, un petit soda pour se d\u00e9salt\u00e9rer ou une saucisse<img decoding=\"async\" height=\"16\" width=\"16\" alt=\"\ud83c\udf2d\" src=\"https:\/\/static.xx.fbcdn.net\/images\/emoji.php\/v9\/t7d\/1\/16\/1f32d.png\">, merguez, c\u00f4telettes, des frites <img loading=\"lazy\" decoding=\"async\" height=\"16\" width=\"16\" alt=\"\ud83c\udf5f\" src=\"https:\/\/static.xx.fbcdn.net\/images\/emoji.php\/v9\/t5c\/1\/16\/1f35f.png\"> ou encore une salade <img loading=\"lazy\" decoding=\"async\" height=\"16\" width=\"16\" alt=\"\ud83e\udd57\" src=\"https:\/\/static.xx.fbcdn.net\/images\/emoji.php\/v9\/t33\/1\/16\/1f957.png\"> pour remplir votre estomac !<\/p>\n\n\n\n<p>On vous attend nombreux et plein de bonne humeur <img loading=\"lazy\" decoding=\"async\" height=\"16\" width=\"16\" alt=\"\ud83d\ude09\" src=\"https:\/\/static.xx.fbcdn.net\/images\/emoji.php\/v9\/t57\/1\/16\/1f609.png\"><img loading=\"lazy\" decoding=\"async\" height=\"16\" width=\"16\" alt=\"\ud83d\ude04\" src=\"https:\/\/static.xx.fbcdn.net\/images\/emoji.php\/v9\/td2\/1\/16\/1f604.png\"><\/p>\n\n\n\n<figure class=\"wp-block-image size-full\"><img data-recalc-dims=\"1\" loading=\"lazy\" decoding=\"async\" width=\"600\" height=\"503\" src=\"https:\/\/i0.wp.com\/ranspach-le-bas.fr\/wp-content\/uploads\/2023\/06\/356250980_659832492850230_9147378402078538429_n.jpg?resize=600%2C503&#038;ssl=1\" alt=\"\" class=\"wp-image-419\" srcset=\"https:\/\/i0.wp.com\/ranspach-le-bas.fr\/wp-content\/uploads\/2023\/06\/356250980_659832492850230_9147378402078538429_n.jpg?w=600&amp;ssl=1 600w, https:\/\/i0.wp.com\/ranspach-le-bas.fr\/wp-content\/uploads\/2023\/06\/356250980_659832492850230_9147378402078538429_n.jpg?resize=300%2C252&amp;ssl=1 300w\" sizes=\"(max-width: 600px) 100vw, 600px\" \/><\/figure>\n","protected":false},"excerpt":{"rendered":"<p>Toutes les \u00e9quipes sont inscrites, \u00e7a promet une journ\u00e9e pleine de rires, de faire play, de festivit\u00e9s de musique. Rendez vous dimanche au stade de foot de Ranspach Le Bas.&hellip;&nbsp;<a href=\"https:\/\/ranspach-le-bas.fr\/index.php\/2023\/06\/29\/grempelturnier-de-la-musique-union\/\" rel=\"bookmark\">Lire la suite &raquo;<span class=\"screen-reader-text\">GREMPELTURNIER DE LA MUSIQUE UNION<\/span><\/a><\/p>\n","protected":false},"author":1,"featured_media":419,"comment_status":"open","ping_status":"closed","sticky":false,"template":"","format":"standard","meta":{"_acf_changed":false,"neve_meta_sidebar":"","neve_meta_container":"","neve_meta_enable_content_width":"","neve_meta_content_width":0,"neve_meta_title_alignment":"","neve_meta_author_avatar":"","neve_post_elements_order":"","neve_meta_disable_header":"","neve_meta_disable_footer":"","neve_meta_disable_title":"","_jetpack_memberships_contains_paid_content":false,"footnotes":""},"categories":[1],"tags":[],"class_list":["post-422","post","type-post","status-publish","format-standard","has-post-thumbnail","hentry","category-non-classe"],"acf":[],"jetpack_featured_media_url":"https:\/\/i0.wp.com\/ranspach-le-bas.fr\/wp-content\/uploads\/2023\/06\/356250980_659832492850230_9147378402078538429_n.jpg?fit=600%2C503&ssl=1","jetpack_sharing_enabled":true,"_links":{"self":[{"href":"https:\/\/ranspach-le-bas.fr\/index.php\/wp-json\/wp\/v2\/posts\/422","targetHints":{"allow":["GET"]}}],"collection":[{"href":"https:\/\/ranspach-le-bas.fr\/index.php\/wp-json\/wp\/v2\/posts"}],"about":[{"href":"https:\/\/ranspach-le-bas.fr\/index.php\/wp-json\/wp\/v2\/types\/post"}],"author":[{"embeddable":true,"href":"https:\/\/ranspach-le-bas.fr\/index.php\/wp-json\/wp\/v2\/users\/1"}],"replies":[{"embeddable":true,"href":"https:\/\/ranspach-le-bas.fr\/index.php\/wp-json\/wp\/v2\/comments?post=422"}],"version-history":[{"count":1,"href":"https:\/\/ranspach-le-bas.fr\/index.php\/wp-json\/wp\/v2\/posts\/422\/revisions"}],"predecessor-version":[{"id":423,"href":"https:\/\/ranspach-le-bas.fr\/index.php\/wp-json\/wp\/v2\/posts\/422\/revisions\/423"}],"wp:featuredmedia":[{"embeddable":true,"href":"https:\/\/ranspach-le-bas.fr\/index.php\/wp-json\/wp\/v2\/media\/419"}],"wp:attachment":[{"href":"https:\/\/ranspach-le-bas.fr\/index.php\/wp-json\/wp\/v2\/media?parent=422"}],"wp:term":[{"taxonomy":"category","embeddable":true,"href":"https:\/\/ranspach-le-bas.fr\/index.php\/wp-json\/wp\/v2\/categories?post=422"},{"taxonomy":"post_tag","embeddable":true,"href":"https:\/\/ranspach-le-bas.fr\/index.php\/wp-json\/wp\/v2\/tags?post=422"}],"curies":[{"name":"wp","href":"https:\/\/api.w.org\/{rel}","templated":true}]}}