{"id":451,"date":"2024-06-27T17:53:52","date_gmt":"2024-06-27T15:53:52","guid":{"rendered":"https:\/\/ranspach-le-bas.fr\/?p=451"},"modified":"2024-06-27T18:42:41","modified_gmt":"2024-06-27T16:42:41","slug":"inauguration-de-la-nouvelle-salle-de-repetition-de-la-musique-union-de-ranspach-le-bas","status":"publish","type":"post","link":"https:\/\/ranspach-le-bas.fr\/index.php\/2024\/06\/27\/inauguration-de-la-nouvelle-salle-de-repetition-de-la-musique-union-de-ranspach-le-bas\/","title":{"rendered":"\u00a0Inauguration de la Nouvelle Salle de R\u00e9p\u00e9tition de la Musique Union de Ranspach-le-Bas"},"content":{"rendered":"\n<figure class=\"wp-block-image size-large\"><img data-recalc-dims=\"1\" fetchpriority=\"high\" decoding=\"async\" width=\"1024\" height=\"768\" src=\"https:\/\/i0.wp.com\/ranspach-le-bas.fr\/wp-content\/uploads\/2024\/06\/WhatsApp-Image-2024-06-19-at-18.16.48.jpeg?resize=1024%2C768&#038;ssl=1\" alt=\"\" class=\"wp-image-452\" srcset=\"https:\/\/i0.wp.com\/ranspach-le-bas.fr\/wp-content\/uploads\/2024\/06\/WhatsApp-Image-2024-06-19-at-18.16.48.jpeg?resize=1024%2C768&amp;ssl=1 1024w, https:\/\/i0.wp.com\/ranspach-le-bas.fr\/wp-content\/uploads\/2024\/06\/WhatsApp-Image-2024-06-19-at-18.16.48.jpeg?resize=300%2C225&amp;ssl=1 300w, https:\/\/i0.wp.com\/ranspach-le-bas.fr\/wp-content\/uploads\/2024\/06\/WhatsApp-Image-2024-06-19-at-18.16.48.jpeg?resize=768%2C576&amp;ssl=1 768w, https:\/\/i0.wp.com\/ranspach-le-bas.fr\/wp-content\/uploads\/2024\/06\/WhatsApp-Image-2024-06-19-at-18.16.48.jpeg?resize=1536%2C1152&amp;ssl=1 1536w, https:\/\/i0.wp.com\/ranspach-le-bas.fr\/wp-content\/uploads\/2024\/06\/WhatsApp-Image-2024-06-19-at-18.16.48.jpeg?w=1600&amp;ssl=1 1600w\" sizes=\"(max-width: 1024px) 100vw, 1024px\" \/><\/figure>\n\n\n\n<p>Un Lien Entre Pass\u00e9 et Futur<\/p>\n\n\n\n<p>Ce mardi 18\/06\/2024, Ranspach-le-Bas a c\u00e9l\u00e9br\u00e9 l&rsquo;inauguration de la nouvelle salle de r\u00e9p\u00e9tition de la Musique Union, un \u00e9v\u00e9nement marquant pour la commune. Ce projet, port\u00e9 par les \u00e9lus locaux, rev\u00eat une importance particuli\u00e8re en raison de l&rsquo;attachement historique \u00e0 la Musique Union, fond\u00e9e en 1945. La salle, moderne et \u00e9quip\u00e9e des derni\u00e8res technologies acoustiques, offre un espace d\u00e9di\u00e9 \u00e0 la pratique musicale et \u00e0 la r\u00e9p\u00e9tition, un v\u00e9ritable \u00e9crin pour les talents locaux.<\/p>\n\n\n\n<p>Les entreprises locales ont \u00e9t\u00e9 f\u00e9licit\u00e9es par Madame le Maire, le travail rendu ayant \u00e9t\u00e9 \u00e0 la hauteur des esp\u00e9rances de l&rsquo;Association.<\/p>\n\n\n\n<p>Lors de la c\u00e9r\u00e9monie, le maire a soulign\u00e9 l&rsquo;importance de cette r\u00e9alisation, qui symbolise la continuit\u00e9 et l&rsquo;avenir de notre patrimoine musical. \u00ab Cette salle est un pont entre le pass\u00e9 et le futur, permettant \u00e0 la tradition de se perp\u00e9tuer et aux nouvelles g\u00e9n\u00e9rations de s&rsquo;\u00e9panouir \u00bb, a-t-elle d\u00e9clar\u00e9. Pendant le vin d&rsquo;honneur, la Musique Union a ex\u00e9cut\u00e9 sa premi\u00e8re r\u00e9p\u00e9tition, devant un public enthousiaste. Les premi\u00e8res notes jou\u00e9es ont r\u00e9sonn\u00e9 comme une promesse, un hommage vibrant \u00e0 ceux qui ont fait de la musique un \u00e9l\u00e9ment central de notre vie culturelle.\u00a0\u00bb<\/p>\n\n\n\n<figure class=\"wp-block-image size-large\"><img data-recalc-dims=\"1\" decoding=\"async\" width=\"1024\" height=\"576\" src=\"https:\/\/i0.wp.com\/ranspach-le-bas.fr\/wp-content\/uploads\/2024\/06\/WhatsApp-Image-2024-06-19-at-18.16.48-1.jpeg?resize=1024%2C576&#038;ssl=1\" alt=\"\" class=\"wp-image-453\" srcset=\"https:\/\/i0.wp.com\/ranspach-le-bas.fr\/wp-content\/uploads\/2024\/06\/WhatsApp-Image-2024-06-19-at-18.16.48-1.jpeg?resize=1024%2C576&amp;ssl=1 1024w, https:\/\/i0.wp.com\/ranspach-le-bas.fr\/wp-content\/uploads\/2024\/06\/WhatsApp-Image-2024-06-19-at-18.16.48-1.jpeg?resize=300%2C169&amp;ssl=1 300w, https:\/\/i0.wp.com\/ranspach-le-bas.fr\/wp-content\/uploads\/2024\/06\/WhatsApp-Image-2024-06-19-at-18.16.48-1.jpeg?resize=768%2C432&amp;ssl=1 768w, https:\/\/i0.wp.com\/ranspach-le-bas.fr\/wp-content\/uploads\/2024\/06\/WhatsApp-Image-2024-06-19-at-18.16.48-1.jpeg?resize=1536%2C864&amp;ssl=1 1536w, https:\/\/i0.wp.com\/ranspach-le-bas.fr\/wp-content\/uploads\/2024\/06\/WhatsApp-Image-2024-06-19-at-18.16.48-1.jpeg?w=1600&amp;ssl=1 1600w\" sizes=\"(max-width: 1024px) 100vw, 1024px\" \/><\/figure>\n","protected":false},"excerpt":{"rendered":"<p>Un Lien Entre Pass\u00e9 et Futur Ce mardi 18\/06\/2024, Ranspach-le-Bas a c\u00e9l\u00e9br\u00e9 l&rsquo;inauguration de la nouvelle salle de r\u00e9p\u00e9tition de la Musique Union, un \u00e9v\u00e9nement marquant pour la commune. Ce&hellip;&nbsp;<a href=\"https:\/\/ranspach-le-bas.fr\/index.php\/2024\/06\/27\/inauguration-de-la-nouvelle-salle-de-repetition-de-la-musique-union-de-ranspach-le-bas\/\" rel=\"bookmark\">Lire la suite &raquo;<span class=\"screen-reader-text\">\u00a0Inauguration de la Nouvelle Salle de R\u00e9p\u00e9tition de la Musique Union de Ranspach-le-Bas<\/span><\/a><\/p>\n","protected":false},"author":1,"featured_media":455,"comment_status":"open","ping_status":"open","sticky":false,"template":"","format":"standard","meta":{"_acf_changed":false,"neve_meta_sidebar":"","neve_meta_container":"","neve_meta_enable_content_width":"","neve_meta_content_width":0,"neve_meta_title_alignment":"","neve_meta_author_avatar":"","neve_post_elements_order":"","neve_meta_disable_header":"","neve_meta_disable_footer":"","neve_meta_disable_title":"","_jetpack_memberships_contains_paid_content":false,"footnotes":""},"categories":[10,1],"tags":[],"class_list":["post-451","post","type-post","status-publish","format-standard","has-post-thumbnail","hentry","category-associations","category-non-classe"],"acf":[],"jetpack_featured_media_url":"https:\/\/i0.wp.com\/ranspach-le-bas.fr\/wp-content\/uploads\/2024\/06\/9bc890a9-4a7e-4ccf-9beb-32c571b62a04.jpg?fit=2040%2C1530&ssl=1","jetpack_sharing_enabled":true,"_links":{"self":[{"href":"https:\/\/ranspach-le-bas.fr\/index.php\/wp-json\/wp\/v2\/posts\/451","targetHints":{"allow":["GET"]}}],"collection":[{"href":"https:\/\/ranspach-le-bas.fr\/index.php\/wp-json\/wp\/v2\/posts"}],"about":[{"href":"https:\/\/ranspach-le-bas.fr\/index.php\/wp-json\/wp\/v2\/types\/post"}],"author":[{"embeddable":true,"href":"https:\/\/ranspach-le-bas.fr\/index.php\/wp-json\/wp\/v2\/users\/1"}],"replies":[{"embeddable":true,"href":"https:\/\/ranspach-le-bas.fr\/index.php\/wp-json\/wp\/v2\/comments?post=451"}],"version-history":[{"count":1,"href":"https:\/\/ranspach-le-bas.fr\/index.php\/wp-json\/wp\/v2\/posts\/451\/revisions"}],"predecessor-version":[{"id":454,"href":"https:\/\/ranspach-le-bas.fr\/index.php\/wp-json\/wp\/v2\/posts\/451\/revisions\/454"}],"wp:featuredmedia":[{"embeddable":true,"href":"https:\/\/ranspach-le-bas.fr\/index.php\/wp-json\/wp\/v2\/media\/455"}],"wp:attachment":[{"href":"https:\/\/ranspach-le-bas.fr\/index.php\/wp-json\/wp\/v2\/media?parent=451"}],"wp:term":[{"taxonomy":"category","embeddable":true,"href":"https:\/\/ranspach-le-bas.fr\/index.php\/wp-json\/wp\/v2\/categories?post=451"},{"taxonomy":"post_tag","embeddable":true,"href":"https:\/\/ranspach-le-bas.fr\/index.php\/wp-json\/wp\/v2\/tags?post=451"}],"curies":[{"name":"wp","href":"https:\/\/api.w.org\/{rel}","templated":true}]}}