{"id":461,"date":"2025-02-04T09:44:50","date_gmt":"2025-02-04T08:44:50","guid":{"rendered":"https:\/\/ranspach-le-bas.fr\/?p=461"},"modified":"2025-02-04T09:44:58","modified_gmt":"2025-02-04T08:44:58","slug":"461","status":"publish","type":"post","link":"https:\/\/ranspach-le-bas.fr\/index.php\/2025\/02\/04\/461\/","title":{"rendered":""},"content":{"rendered":"\n<figure class=\"wp-block-image size-full\"><img data-recalc-dims=\"1\" fetchpriority=\"high\" decoding=\"async\" width=\"600\" height=\"600\" src=\"https:\/\/i0.wp.com\/ranspach-le-bas.fr\/wp-content\/uploads\/2025\/02\/473448107_1245214193637150_6340810354205284763_n.jpg?resize=600%2C600&#038;ssl=1\" alt=\"\" class=\"wp-image-462\" srcset=\"https:\/\/i0.wp.com\/ranspach-le-bas.fr\/wp-content\/uploads\/2025\/02\/473448107_1245214193637150_6340810354205284763_n.jpg?w=600&amp;ssl=1 600w, https:\/\/i0.wp.com\/ranspach-le-bas.fr\/wp-content\/uploads\/2025\/02\/473448107_1245214193637150_6340810354205284763_n.jpg?resize=300%2C300&amp;ssl=1 300w, https:\/\/i0.wp.com\/ranspach-le-bas.fr\/wp-content\/uploads\/2025\/02\/473448107_1245214193637150_6340810354205284763_n.jpg?resize=150%2C150&amp;ssl=1 150w\" sizes=\"(max-width: 600px) 100vw, 600px\" \/><\/figure>\n\n\n\n<p><img decoding=\"async\" height=\"16\" width=\"16\" alt=\"\u2728\" src=\"https:\/\/static.xx.fbcdn.net\/images\/emoji.php\/v9\/tf4\/1\/16\/2728.png\"> Rejoignez-nous les 5 et 6 avril prochain pour un week-end unique \u00ab\u00a0Au C\u0153ur de SOI\u00a0\u00bb !<\/p>\n\n\n\n<p>Je me suis entour\u00e9e de 3 femmes merveilleuses et, ensemble, nous avons <a><\/a>pens\u00e9 et cr\u00e9\u00e9 cet \u00e9v\u00e9nement tout sp\u00e9cialement pour vous offrir l\u2019opportunit\u00e9 de vous relier \u00e0 vous-m\u00eame et vous d\u00e9poser autour d\u2019un th\u00e8me sacr\u00e9 : l\u2019Amour <img decoding=\"async\" height=\"16\" width=\"16\" alt=\"\ud83d\udc9d\" src=\"https:\/\/static.xx.fbcdn.net\/images\/emoji.php\/v9\/t17\/1\/16\/1f49d.png\"><\/p>\n\n\n\n<p>Nos interventions sont con\u00e7ues pour vous faire d\u00e9couvrir de nouvelles fa\u00e7ons de vous reconnecter \u00e0 votre moi originel et \u00e0 l\u2019amour infini par des pratiques diverses et vari\u00e9es. Chaque activit\u00e9 sera propos\u00e9e de mani\u00e8re \u00e0 vous faire vivre l\u2019exp\u00e9rience de fa\u00e7on personnelle et intime.<\/p>\n\n\n\n<p>Voici quelques exemples de ce que nous vous avons pr\u00e9par\u00e9 :<\/p>\n\n\n\n<p>\u2022 un atelier sur la pr\u00e9sence \u00e0 soi<\/p>\n\n\n\n<p>\u2022 une c\u00e9r\u00e9monie du cacao<\/p>\n\n\n\n<p>\u2022 un concert vibratoire<\/p>\n\n\n\n<p>\u2022 une exploration personnelle de vos contrats d\u2019\u00e2me<\/p>\n\n\n\n<p>\u2022 et bien plus encore\u2026<\/p>\n\n\n\n<p>Retrouvez toutes les informations d\u00e9taill\u00e9es et d\u00e9couvrez la surprise qui vous est r\u00e9serv\u00e9e avec l\u2019acc\u00e8s Privil\u00e8ge, sur :<\/p>\n\n\n\n<p><a href=\"https:\/\/l.facebook.com\/l.php?u=http%3A%2F%2Fwww.deborahmorrice.com%2Faucoeurdesoi%3Ffbclid%3DIwZXh0bgNhZW0CMTAAAR2w0ScMXBQ76nQ6SEDoCGiGUFc5KI_DaGjA9xiSqGWt10VLPwsQXr2mQfY_aem_VDfSWNTXArZf5e7I7xixUQ&amp;h=AT2wBLCz9O4z0lKB8Hgyaa-czCvWEigKnNGrk9Fq_4pVyUU5Qewv6SwYPjx-idRCOWVAp3cUK9G92yi5CJMpvAPjdEuqy7t7_rkEy8fjI1_XUHdjh3MfZqDEI1BQ-H-pMTaN&amp;__tn__=-UK-y-R&amp;c[0]=AT0ubx-dpvVNl8vLQrDjm1O7Wb-GNUdoYSDXIcchWfHW9rpKtS14aBBvbZqjnMQMwGWyZBlvqwYMey3N3gBPLJuC5pL7bdaUgN--lzFXBRptWKprmnjklJkma56CQ2z7CFMvLZA8VaroNsHpbd4WlJasoFkkUFEUu-3l_bwnZGdWlee_dFYFoMIk1RQ0XF1RoeS4\" rel=\"noreferrer noopener\" target=\"_blank\">www.deborahmorrice.com\/aucoeurdesoi<\/a><\/p>\n\n\n\n<p>Honorez votre chemin int\u00e9rieur pour vous remettre en lien avec l\u2019Amour de soi, l\u2019Amour qui soigne tout, et l\u2019Amour qui est le fondement de notre existence.<\/p>\n\n\n\n<p>A tr\u00e8s bient\u00f4t !<\/p>\n\n\n\n<p><img decoding=\"async\" height=\"16\" width=\"16\" alt=\"\u2728\" src=\"https:\/\/static.xx.fbcdn.net\/images\/emoji.php\/v9\/tf4\/1\/16\/2728.png\"> Deborah <img decoding=\"async\" height=\"16\" width=\"16\" alt=\"\u2728\" src=\"https:\/\/static.xx.fbcdn.net\/images\/emoji.php\/v9\/tf4\/1\/16\/2728.png\"> \u00c2me Diva <img decoding=\"async\" height=\"16\" width=\"16\" alt=\"\u2728\" src=\"https:\/\/static.xx.fbcdn.net\/images\/emoji.php\/v9\/tf4\/1\/16\/2728.png\"> Emmanuelle <img decoding=\"async\" height=\"16\" width=\"16\" alt=\"\u2728\" src=\"https:\/\/static.xx.fbcdn.net\/images\/emoji.php\/v9\/tf4\/1\/16\/2728.png\"> Heather <img decoding=\"async\" height=\"16\" width=\"16\" alt=\"\u2728\" src=\"https:\/\/static.xx.fbcdn.net\/images\/emoji.php\/v9\/tf4\/1\/16\/2728.png\"><\/p>\n\n\n\n<p><a href=\"https:\/\/www.facebook.com\/hashtag\/amour?__eep__=6&amp;__cft__[0]=AZX76w5e-r66SW4DN3UodmAsXcz4dgp41q8ipmPJqbtK8OGnj_Y4XPUCGjRIR28YeNJQTyazQZ5cNAs8m72nMzlBeIBhobnFwi8HXJbXuFeJAD9hiaEhj-sjCuEyVtirwUUxrqbf4bAMxRy-RV4W_LTQY2ae5N1tapZt-msP3UBlNg&amp;__tn__=*NK-y-R\">#amour<\/a><a href=\"https:\/\/www.facebook.com\/hashtag\/retraite?__eep__=6&amp;__cft__[0]=AZX76w5e-r66SW4DN3UodmAsXcz4dgp41q8ipmPJqbtK8OGnj_Y4XPUCGjRIR28YeNJQTyazQZ5cNAs8m72nMzlBeIBhobnFwi8HXJbXuFeJAD9hiaEhj-sjCuEyVtirwUUxrqbf4bAMxRy-RV4W_LTQY2ae5N1tapZt-msP3UBlNg&amp;__tn__=*NK-y-R\">#retraite<\/a><a href=\"https:\/\/www.facebook.com\/hashtag\/soi?__eep__=6&amp;__cft__[0]=AZX76w5e-r66SW4DN3UodmAsXcz4dgp41q8ipmPJqbtK8OGnj_Y4XPUCGjRIR28YeNJQTyazQZ5cNAs8m72nMzlBeIBhobnFwi8HXJbXuFeJAD9hiaEhj-sjCuEyVtirwUUxrqbf4bAMxRy-RV4W_LTQY2ae5N1tapZt-msP3UBlNg&amp;__tn__=*NK-y-R\">#soi<\/a><a href=\"https:\/\/www.facebook.com\/hashtag\/guerison?__eep__=6&amp;__cft__[0]=AZX76w5e-r66SW4DN3UodmAsXcz4dgp41q8ipmPJqbtK8OGnj_Y4XPUCGjRIR28YeNJQTyazQZ5cNAs8m72nMzlBeIBhobnFwi8HXJbXuFeJAD9hiaEhj-sjCuEyVtirwUUxrqbf4bAMxRy-RV4W_LTQY2ae5N1tapZt-msP3UBlNg&amp;__tn__=*NK-y-R\">#guerison<\/a><a href=\"https:\/\/www.facebook.com\/hashtag\/reconnexion?__eep__=6&amp;__cft__[0]=AZX76w5e-r66SW4DN3UodmAsXcz4dgp41q8ipmPJqbtK8OGnj_Y4XPUCGjRIR28YeNJQTyazQZ5cNAs8m72nMzlBeIBhobnFwi8HXJbXuFeJAD9hiaEhj-sjCuEyVtirwUUxrqbf4bAMxRy-RV4W_LTQY2ae5N1tapZt-msP3UBlNg&amp;__tn__=*NK-y-R\">#reconnexion<\/a><\/p>\n","protected":false},"excerpt":{"rendered":"<p>Rejoignez-nous les 5 et 6 avril prochain pour un week-end unique \u00ab\u00a0Au C\u0153ur de SOI\u00a0\u00bb ! Je me suis entour\u00e9e de 3 femmes merveilleuses et, ensemble, nous avons pens\u00e9 et&hellip;&nbsp;<a href=\"https:\/\/ranspach-le-bas.fr\/index.php\/2025\/02\/04\/461\/\" rel=\"bookmark\">Lire la suite &raquo;<span class=\"screen-reader-text\"><\/span><\/a><\/p>\n","protected":false},"author":1,"featured_media":0,"comment_status":"open","ping_status":"open","sticky":false,"template":"","format":"standard","meta":{"_acf_changed":false,"neve_meta_sidebar":"","neve_meta_container":"","neve_meta_enable_content_width":"","neve_meta_content_width":0,"neve_meta_title_alignment":"","neve_meta_author_avatar":"","neve_post_elements_order":"","neve_meta_disable_header":"","neve_meta_disable_footer":"","neve_meta_disable_title":"","_jetpack_memberships_contains_paid_content":false,"footnotes":""},"categories":[1],"tags":[],"class_list":["post-461","post","type-post","status-publish","format-standard","hentry","category-non-classe"],"acf":[],"jetpack_featured_media_url":"","jetpack_sharing_enabled":true,"_links":{"self":[{"href":"https:\/\/ranspach-le-bas.fr\/index.php\/wp-json\/wp\/v2\/posts\/461","targetHints":{"allow":["GET"]}}],"collection":[{"href":"https:\/\/ranspach-le-bas.fr\/index.php\/wp-json\/wp\/v2\/posts"}],"about":[{"href":"https:\/\/ranspach-le-bas.fr\/index.php\/wp-json\/wp\/v2\/types\/post"}],"author":[{"embeddable":true,"href":"https:\/\/ranspach-le-bas.fr\/index.php\/wp-json\/wp\/v2\/users\/1"}],"replies":[{"embeddable":true,"href":"https:\/\/ranspach-le-bas.fr\/index.php\/wp-json\/wp\/v2\/comments?post=461"}],"version-history":[{"count":1,"href":"https:\/\/ranspach-le-bas.fr\/index.php\/wp-json\/wp\/v2\/posts\/461\/revisions"}],"predecessor-version":[{"id":463,"href":"https:\/\/ranspach-le-bas.fr\/index.php\/wp-json\/wp\/v2\/posts\/461\/revisions\/463"}],"wp:attachment":[{"href":"https:\/\/ranspach-le-bas.fr\/index.php\/wp-json\/wp\/v2\/media?parent=461"}],"wp:term":[{"taxonomy":"category","embeddable":true,"href":"https:\/\/ranspach-le-bas.fr\/index.php\/wp-json\/wp\/v2\/categories?post=461"},{"taxonomy":"post_tag","embeddable":true,"href":"https:\/\/ranspach-le-bas.fr\/index.php\/wp-json\/wp\/v2\/tags?post=461"}],"curies":[{"name":"wp","href":"https:\/\/api.w.org\/{rel}","templated":true}]}}