{"id":539,"date":"2025-10-30T15:58:13","date_gmt":"2025-10-30T14:58:13","guid":{"rendered":"https:\/\/ranspach-le-bas.fr\/?p=539"},"modified":"2025-10-30T15:58:15","modified_gmt":"2025-10-30T14:58:15","slug":"bal-dhalloween-de-lape","status":"publish","type":"post","link":"https:\/\/ranspach-le-bas.fr\/index.php\/2025\/10\/30\/bal-dhalloween-de-lape\/","title":{"rendered":"BAL D&rsquo;HALLOWEEN DE L&rsquo;APE"},"content":{"rendered":"\n<p>Venez participer \u00e0 la plus grande soir\u00e9e des petits monstres vendredi 31 octobre \u00e0 partir de 18h30 \u00e0 la salle des f\u00eates de Ranspach-le-Bas !&nbsp;<img decoding=\"async\" height=\"16\" width=\"16\" alt=\"\ud83c\udf83\" src=\"https:\/\/static.xx.fbcdn.net\/images\/emoji.php\/v9\/t86\/1\/16\/1f383.png\"><\/p>\n\n\n\n<p>DJ et concours de d\u00e9guisements avec r\u00e9compenses pour les meilleurs sont au rendez-vous !&nbsp;<img decoding=\"async\" height=\"16\" width=\"16\" alt=\"\ud83d\udc7b\" src=\"https:\/\/static.xx.fbcdn.net\/images\/emoji.php\/v9\/td7\/1\/16\/1f47b.png\"><\/p>\n\n\n\n<p>Repas \u00e0 r\u00e9server via le talon r\u00e9ponse du flyer ou via HelloAsso :&nbsp;<a href=\"https:\/\/www.helloasso.com\/associations\/ape-coquelicots\/evenements\/bal-d-halloween-1?fbclid=IwZXh0bgNhZW0CMTAAYnJpZBExWkVOQUV6NVFmakRXejNnTwEek7gUtKeKBTkBDyV5yjpaXjvP3yLQdOSDSV1WMWDl0HhHcOgbJHZwG_loqzo_aem_O3NwpHrmdigOCHRKYS9alg\" rel=\"noreferrer noopener\" target=\"_blank\">https:\/\/www.helloasso.com\/&#8230;\/evenements\/bal-d-halloween-1<\/a><\/p>\n\n\n\n<p>Sur place, seront \u00e9galement disponibles la buvette ainsi que de la soupe, des frites, des cr\u00eapes et des p\u00e2tisseries&nbsp;<img decoding=\"async\" height=\"16\" width=\"16\" alt=\"\ud83c\udf83\" src=\"https:\/\/static.xx.fbcdn.net\/images\/emoji.php\/v9\/t86\/1\/16\/1f383.png\"><\/p>\n\n\n\n<figure class=\"wp-block-image size-full is-resized\"><img data-recalc-dims=\"1\" fetchpriority=\"high\" decoding=\"async\" width=\"567\" height=\"798\" src=\"https:\/\/i0.wp.com\/ranspach-le-bas.fr\/wp-content\/uploads\/2025\/10\/Capture-decran-2025-10-07-095511-e1761836119608.jpg?resize=567%2C798&#038;ssl=1\" alt=\"\" class=\"wp-image-540\" style=\"width:617px;height:auto\" srcset=\"https:\/\/i0.wp.com\/ranspach-le-bas.fr\/wp-content\/uploads\/2025\/10\/Capture-decran-2025-10-07-095511-e1761836119608.jpg?w=567&amp;ssl=1 567w, https:\/\/i0.wp.com\/ranspach-le-bas.fr\/wp-content\/uploads\/2025\/10\/Capture-decran-2025-10-07-095511-e1761836119608.jpg?resize=213%2C300&amp;ssl=1 213w\" sizes=\"(max-width: 567px) 100vw, 567px\" \/><\/figure>\n","protected":false},"excerpt":{"rendered":"<p>Venez participer \u00e0 la plus grande soir\u00e9e des petits monstres vendredi 31 octobre \u00e0 partir de 18h30 \u00e0 la salle des f\u00eates de Ranspach-le-Bas !&nbsp; DJ et concours de d\u00e9guisements&hellip;&nbsp;<a href=\"https:\/\/ranspach-le-bas.fr\/index.php\/2025\/10\/30\/bal-dhalloween-de-lape\/\" rel=\"bookmark\">Lire la suite &raquo;<span class=\"screen-reader-text\">BAL D&rsquo;HALLOWEEN DE L&rsquo;APE<\/span><\/a><\/p>\n","protected":false},"author":1,"featured_media":540,"comment_status":"closed","ping_status":"closed","sticky":false,"template":"","format":"standard","meta":{"_acf_changed":false,"neve_meta_sidebar":"","neve_meta_container":"","neve_meta_enable_content_width":"","neve_meta_content_width":0,"neve_meta_title_alignment":"","neve_meta_author_avatar":"","neve_post_elements_order":"","neve_meta_disable_header":"","neve_meta_disable_footer":"","neve_meta_disable_title":"","_jetpack_memberships_contains_paid_content":false,"footnotes":""},"categories":[10],"tags":[],"class_list":["post-539","post","type-post","status-publish","format-standard","has-post-thumbnail","hentry","category-associations"],"acf":[],"jetpack_featured_media_url":"https:\/\/i0.wp.com\/ranspach-le-bas.fr\/wp-content\/uploads\/2025\/10\/Capture-decran-2025-10-07-095511-e1761836119608.jpg?fit=567%2C798&ssl=1","jetpack_sharing_enabled":true,"_links":{"self":[{"href":"https:\/\/ranspach-le-bas.fr\/index.php\/wp-json\/wp\/v2\/posts\/539","targetHints":{"allow":["GET"]}}],"collection":[{"href":"https:\/\/ranspach-le-bas.fr\/index.php\/wp-json\/wp\/v2\/posts"}],"about":[{"href":"https:\/\/ranspach-le-bas.fr\/index.php\/wp-json\/wp\/v2\/types\/post"}],"author":[{"embeddable":true,"href":"https:\/\/ranspach-le-bas.fr\/index.php\/wp-json\/wp\/v2\/users\/1"}],"replies":[{"embeddable":true,"href":"https:\/\/ranspach-le-bas.fr\/index.php\/wp-json\/wp\/v2\/comments?post=539"}],"version-history":[{"count":1,"href":"https:\/\/ranspach-le-bas.fr\/index.php\/wp-json\/wp\/v2\/posts\/539\/revisions"}],"predecessor-version":[{"id":541,"href":"https:\/\/ranspach-le-bas.fr\/index.php\/wp-json\/wp\/v2\/posts\/539\/revisions\/541"}],"wp:featuredmedia":[{"embeddable":true,"href":"https:\/\/ranspach-le-bas.fr\/index.php\/wp-json\/wp\/v2\/media\/540"}],"wp:attachment":[{"href":"https:\/\/ranspach-le-bas.fr\/index.php\/wp-json\/wp\/v2\/media?parent=539"}],"wp:term":[{"taxonomy":"category","embeddable":true,"href":"https:\/\/ranspach-le-bas.fr\/index.php\/wp-json\/wp\/v2\/categories?post=539"},{"taxonomy":"post_tag","embeddable":true,"href":"https:\/\/ranspach-le-bas.fr\/index.php\/wp-json\/wp\/v2\/tags?post=539"}],"curies":[{"name":"wp","href":"https:\/\/api.w.org\/{rel}","templated":true}]}}